{"id":292,"date":"2024-03-11T17:42:36","date_gmt":"2024-03-11T16:42:36","guid":{"rendered":"https:\/\/sites.lesia.obspm.fr\/federation-nanosats\/?p=292"},"modified":"2024-12-09T12:03:22","modified_gmt":"2024-12-09T11:03:22","slug":"retour-sur-le-1er-workshop-de-la-federation","status":"publish","type":"post","link":"https:\/\/sites.lesia.obspm.fr\/federation-nanosats\/retour-sur-le-1er-workshop-de-la-federation\/","title":{"rendered":"Retour sur le 1er workshop de la F\u00e9d\u00e9ration"},"content":{"rendered":"\n<p><em><strong>Les 6 et 7 f\u00e9vrier se d\u00e9roulait le premier workshop de la F\u00e9d\u00e9ration Nanosats \u00e0 l\u2019Observatoire de Paris sur le site de Meudon. Une excellente opportunit\u00e9 pour 30 de ses membres de se r\u00e9unir, de pr\u00e9senter les avancements des diff\u00e9rents groupes de travail de la F\u00e9d\u00e9ration, de faire \u00e9tat du progr\u00e8s de leurs projets de nanosatellites et de discuter des axes strat\u00e9giques afin de faire valoir les besoins de la communaut\u00e9. Au bilan : une premi\u00e8re \u00e9dition encourageante pour cette jeune F\u00e9d\u00e9ration avec de nouvelles perspectives \u00e0 court et moyen termes.<\/strong><\/em><\/p>\n\n\n\n<p>En tant que Directrice de la F\u00e9d\u00e9ration, Coralie Neiner ouvrit le bal des pr\u00e9sentations rappelant d\u2019abord la n\u00e9cessit\u00e9 de l\u2019existence de l\u2019organisation avant de pr\u00e9ciser ses objectifs, son fonctionnement et son ambition \u00e0 moyen et long termes. Ce fut \u00e9galement l\u2019occasion de faire un retour sur les attentes et besoins de la communaut\u00e9 exprim\u00e9s en 2023.<\/p>\n\n\n\n<p>S\u2019est ensuite succ\u00e9d\u00e9 une s\u00e9rie de pr\u00e9sentations par les centres spatiaux des universit\u00e9s, les porteurs de projets de nanosatellites et les coordinateurs de groupes de travail \u00e9ph\u00e9m\u00e8res de la F\u00e9d\u00e9ration. Le P\u00f4le spatial de l\u2019Universit\u00e9 Paris Cit\u00e9, le campus spatial de l\u2019Universit\u00e9 Paris-Est Cr\u00e9teil, et les deux centres spatiaux CurieSat de Sorbonne Universit\u00e9, CENSUS de l\u2019Universit\u00e9 Paris Sciences &amp; Lettres, ont ainsi pu pr\u00e9senter leur organisation, leur fonctionnement ainsi que leurs activit\u00e9s en cours incluant les projets de nanosatellites en d\u00e9veloppement.<\/p>\n\n\n\n<p>Les pr\u00e9sentations des projets CosmoCal<sup>[1]<\/sup>, NOIRE<sup>[2]<\/sup>, UVSQ-Sat NG<sup>[3]<\/sup>, IonSat<sup>[4]<\/sup>, BIRDY<sup>[5]<\/sup>, Quango et QUDICE<sup>[6]<\/sup>, Teracube<sup>[7]<\/sup>, CASSTOR<sup>[8]<\/sup>, INSPIRE<sup>[9]<\/sup>, IGOSat<sup>[10]<\/sup>, ont ensuite t\u00e9moign\u00e9 de la richesse, de la diversit\u00e9 et de l\u2019int\u00e9r\u00eat de d\u00e9velopper des nanosatellites. Ce fut aussi des moments d\u2019\u00e9change et de retours d\u2019exp\u00e9riences entres les porteurs de projets.<\/p>\n\n\n\n<p>La F\u00e9d\u00e9ration a \u00e9galement pu pr\u00e9senter certaines de ces activit\u00e9s via les groupes de travail \u00e9ph\u00e9m\u00e8res qui ont pour mission de r\u00e9pondre \u00e0 des actions sp\u00e9cifiques. Trois coordinateurs ont notamment introduit un premier recensement des briques technologiques, des composants sur \u00e9tag\u00e8re (COTS) et des moyens d\u2019essais en vue du d\u00e9veloppement d\u2019une base de donn\u00e9es permettant aux membres de la f\u00e9d\u00e9ration d\u2019avoir un aper\u00e7u de l\u2019existant et de partager.&nbsp;Le coordinateur de projet de NanosatGrid pour la mutualisation et la mise en r\u00e9seau des antennes sol est revenu sur les raisons de sa non-s\u00e9lection aupr\u00e8s de la r\u00e9gion Ile-de-France. De nouvelles pistes sont explor\u00e9es pour compenser ce manque financier.<\/p>\n\n\n\n<p>Une pr\u00e9sentation de la toute nouvelle Acad\u00e9mie spatiale d\u2019Ile-de-France a \u00e9galement \u00e9t\u00e9 r\u00e9alis\u00e9e permettant aux membres d\u2019avoir un aper\u00e7u de sa structuration et de son financement. Une discussion s\u2019en est suivie pour mettre en avant le r\u00f4le que joue la F\u00e9d\u00e9ration dans la formation par la recherche et la mutualisation de moyens, et comment coordonner au mieux les actions de formation de l\u2019Acad\u00e9mie spatiale et de la F\u00e9d\u00e9ration.&nbsp;<\/p>\n\n\n\n<p>Le workshop s\u2019est cl\u00f4tur\u00e9 par une table ronde anim\u00e9 par Claude Catala et avec Coralie Neiner, Gauthier Hulot et Antoine Miniussi. Est ressorti de cette discussion une vraie n\u00e9cessit\u00e9 de faire valoir un nouveau guichet au CNES sp\u00e9cifique au Newspace afin de sortir de la comp\u00e9tition avec les missions traditionnelles de plus grande envergure.&nbsp;&nbsp;<\/p>\n\n\n\n<hr class=\"wp-block-separator has-alpha-channel-opacity\" \/>\n\n\n\n<p id=\"CosmoCal\">[1]&nbsp;Projet de Calibration du fond diffus cosmologique<\/p>\n\n\n\n<p id=\"NOIRE\">[2]&nbsp;Projet d\u2019observatoire cislunaire en interf\u00e9rom\u00e9trie&nbsp;<\/p>\n\n\n\n<p id=\"UVSQ\">[3]&nbsp;Projet d\u2019observation de variables climatiques<\/p>\n\n\n\n<p id=\"IonSat\">[4]&nbsp;Projet de satellite en orbite basse<\/p>\n\n\n\n<p id=\"BIRDY\">[5]&nbsp;Projet d\u2019\u00e9tude des petits corps du syst\u00e8me solaire<\/p>\n\n\n\n<p id=\"QUDICE\">[6]&nbsp;Projets d\u2019int\u00e9gration de technologie Quantum Key distribution (QKD) pour la communication spatiale<\/p>\n\n\n\n<p id=\"Teracube\">[7]&nbsp;Projet d\u2019\u00e9tude des atmosph\u00e8res plan\u00e9taires<\/p>\n\n\n\n<p id=\"CASSTOR\">[8]&nbsp;Projet de spectropolarim\u00e9trie UV stellaire<\/p>\n\n\n\n<p id=\"INSPIRE\">[9]&nbsp;Projet d\u2019\u00e9tude du bilan radiatif de la Terre<\/p>\n\n\n\n<p id=\"IGOSat\">[10]&nbsp;Projet \u00e9tudiant de l\u2019\u00e9tude de l\u2019environnement gamma<\/p>\n","protected":false},"excerpt":{"rendered":"<p>Les 6 et 7 f\u00e9vrier se d\u00e9roulait le premier workshop de la F\u00e9d\u00e9ration Nanosats \u00e0 l\u2019Observatoire de Paris sur le site de Meudon. Une excellente opportunit\u00e9 pour 30 de ses&hellip;&nbsp;<a href=\"https:\/\/sites.lesia.obspm.fr\/federation-nanosats\/retour-sur-le-1er-workshop-de-la-federation\/\" rel=\"bookmark\">Lire la suite &raquo;<span class=\"screen-reader-text\">Retour sur le 1er workshop de la F\u00e9d\u00e9ration<\/span><\/a><\/p>\n","protected":false},"author":97,"featured_media":741,"comment_status":"open","ping_status":"open","sticky":false,"template":"","format":"standard","meta":{"neve_meta_sidebar":"","neve_meta_container":"","neve_meta_enable_content_width":"","neve_meta_content_width":0,"neve_meta_title_alignment":"","neve_meta_author_avatar":"","neve_post_elements_order":"","neve_meta_disable_header":"","neve_meta_disable_footer":"","neve_meta_disable_title":"","footnotes":""},"categories":[4],"tags":[],"class_list":["post-292","post","type-post","status-publish","format-standard","has-post-thumbnail","hentry","category-actualites"],"jetpack_featured_media_url":"https:\/\/sites.lesia.obspm.fr\/federation-nanosats\/files\/2024\/10\/newsbanner.png","_links":{"self":[{"href":"https:\/\/sites.lesia.obspm.fr\/federation-nanosats\/wp-json\/wp\/v2\/posts\/292","targetHints":{"allow":["GET"]}}],"collection":[{"href":"https:\/\/sites.lesia.obspm.fr\/federation-nanosats\/wp-json\/wp\/v2\/posts"}],"about":[{"href":"https:\/\/sites.lesia.obspm.fr\/federation-nanosats\/wp-json\/wp\/v2\/types\/post"}],"author":[{"embeddable":true,"href":"https:\/\/sites.lesia.obspm.fr\/federation-nanosats\/wp-json\/wp\/v2\/users\/97"}],"replies":[{"embeddable":true,"href":"https:\/\/sites.lesia.obspm.fr\/federation-nanosats\/wp-json\/wp\/v2\/comments?post=292"}],"version-history":[{"count":19,"href":"https:\/\/sites.lesia.obspm.fr\/federation-nanosats\/wp-json\/wp\/v2\/posts\/292\/revisions"}],"predecessor-version":[{"id":793,"href":"https:\/\/sites.lesia.obspm.fr\/federation-nanosats\/wp-json\/wp\/v2\/posts\/292\/revisions\/793"}],"wp:featuredmedia":[{"embeddable":true,"href":"https:\/\/sites.lesia.obspm.fr\/federation-nanosats\/wp-json\/wp\/v2\/media\/741"}],"wp:attachment":[{"href":"https:\/\/sites.lesia.obspm.fr\/federation-nanosats\/wp-json\/wp\/v2\/media?parent=292"}],"wp:term":[{"taxonomy":"category","embeddable":true,"href":"https:\/\/sites.lesia.obspm.fr\/federation-nanosats\/wp-json\/wp\/v2\/categories?post=292"},{"taxonomy":"post_tag","embeddable":true,"href":"https:\/\/sites.lesia.obspm.fr\/federation-nanosats\/wp-json\/wp\/v2\/tags?post=292"}],"curies":[{"name":"wp","href":"https:\/\/api.w.org\/{rel}","templated":true}]}}